{"id":318,"date":"2018-01-09T14:33:30","date_gmt":"2018-01-09T13:33:30","guid":{"rendered":"http:\/\/sportprobrno.cz\/cpxco\/?p=318"},"modified":"2018-01-09T14:33:30","modified_gmt":"2018-01-09T13:33:30","slug":"cesky-pohar-se-letos-v-brne-pojede-v-terminu-5-6-kvetna","status":"publish","type":"post","link":"https:\/\/sportprobrno.cz\/cpxco\/2018\/01\/09\/cesky-pohar-se-letos-v-brne-pojede-v-terminu-5-6-kvetna\/","title":{"rendered":"\u010cesk\u00fd poh\u00e1r se letos v Brn\u011b pojede v term\u00ednu 5.- 6. kv\u011btna"},"content":{"rendered":"<p>Tak\u00e9 letos do Brna zav\u00edt\u00e1 nejvy\u0161\u0161\u00ed sout\u011b\u017e v z\u00e1vodech horsk\u00fdch kol s n\u00e1zvem \u010cesk\u00fd poh\u00e1r Strabag Cup 2018. Letos se pojede hned jako druh\u00fd z\u00e1vod seri\u00e1lu a bude op\u011bt za\u0159azen do atraktivn\u00ed kategorie UCI C1 pro kategorie mu\u017ei a \u017eeny elite. M\u016f\u017eeme se tedy t\u011b\u0161it op\u011bt i na \u00fa\u010dast zahrani\u010dn\u00edch z\u00e1vodn\u00edk\u016f. Pro leto\u0161n\u00ed ro\u010dn\u00edk byl zru\u0161en z\u00e1vod v Elimin\u00e1toru a tak zbude v sobotu v\u00edce \u010dasu\u00a0 na z\u00e1vody d\u011bt\u00ed a ml\u00e1de\u017enick\u00e9 kategorie. Pr\u016fb\u011b\u017en\u00e9 budeme informovat o dal\u0161\u00edch podrobnostech.<\/p>\n","protected":false},"excerpt":{"rendered":"<p>Tak\u00e9 letos do Brna zav\u00edt\u00e1 nejvy\u0161\u0161\u00ed sout\u011b\u017e v z\u00e1vodech horsk\u00fdch kol s n\u00e1zvem \u010cesk\u00fd poh\u00e1r Strabag Cup 2018. Letos se pojede hned jako druh\u00fd z\u00e1vod seri\u00e1lu a bude op\u011bt za\u0159azen do atraktivn\u00ed kategorie UCI C1 pro kategorie mu\u017ei a \u017eeny elite. M\u016f\u017eeme se tedy t\u011b\u0161it op\u011bt i na \u00fa\u010dast zahrani\u010dn\u00edch z\u00e1vodn\u00edk\u016f. Pro leto\u0161n\u00ed ro\u010dn\u00edk byl<\/p>\n<p><a href=\"https:\/\/sportprobrno.cz\/cpxco\/2018\/01\/09\/cesky-pohar-se-letos-v-brne-pojede-v-terminu-5-6-kvetna\/\" class=\"more-link themebutton\">Read More<\/a><\/p>\n","protected":false},"author":2,"featured_media":0,"comment_status":"closed","ping_status":"open","sticky":false,"template":"","format":"standard","meta":[],"categories":[1],"tags":[],"_links":{"self":[{"href":"https:\/\/sportprobrno.cz\/cpxco\/wp-json\/wp\/v2\/posts\/318"}],"collection":[{"href":"https:\/\/sportprobrno.cz\/cpxco\/wp-json\/wp\/v2\/posts"}],"about":[{"href":"https:\/\/sportprobrno.cz\/cpxco\/wp-json\/wp\/v2\/types\/post"}],"author":[{"embeddable":true,"href":"https:\/\/sportprobrno.cz\/cpxco\/wp-json\/wp\/v2\/users\/2"}],"replies":[{"embeddable":true,"href":"https:\/\/sportprobrno.cz\/cpxco\/wp-json\/wp\/v2\/comments?post=318"}],"version-history":[{"count":1,"href":"https:\/\/sportprobrno.cz\/cpxco\/wp-json\/wp\/v2\/posts\/318\/revisions"}],"predecessor-version":[{"id":319,"href":"https:\/\/sportprobrno.cz\/cpxco\/wp-json\/wp\/v2\/posts\/318\/revisions\/319"}],"wp:attachment":[{"href":"https:\/\/sportprobrno.cz\/cpxco\/wp-json\/wp\/v2\/media?parent=318"}],"wp:term":[{"taxonomy":"category","embeddable":true,"href":"https:\/\/sportprobrno.cz\/cpxco\/wp-json\/wp\/v2\/categories?post=318"},{"taxonomy":"post_tag","embeddable":true,"href":"https:\/\/sportprobrno.cz\/cpxco\/wp-json\/wp\/v2\/tags?post=318"}],"curies":[{"name":"wp","href":"https:\/\/api.w.org\/{rel}","templated":true}]}}