{"id":405,"date":"2020-08-21T13:16:05","date_gmt":"2020-08-21T12:16:05","guid":{"rendered":"http:\/\/sportprobrno.cz\/cpxco\/?p=405"},"modified":"2020-08-21T14:08:11","modified_gmt":"2020-08-21T13:08:11","slug":"planek-trati-minime","status":"publish","type":"post","link":"http:\/\/sportprobrno.cz\/cpxco\/2020\/08\/21\/planek-trati-minime\/","title":{"rendered":"Pl\u00e1nek trati Minime"},"content":{"rendered":"<p>Do sekce Pl\u00e1n trati byla vlo\u017eena mapka pro kategorie 7-8, 9-10 let. Mlad\u0161\u00ed kategorie budou pouze v are\u00e1lu stadionu.<\/p>\n","protected":false},"excerpt":{"rendered":"<p>Do sekce Pl\u00e1n trati byla vlo\u017eena mapka pro kategorie 7-8, 9-10 let. Mlad\u0161\u00ed kategorie budou pouze v are\u00e1lu stadionu.<\/p>\n","protected":false},"author":2,"featured_media":0,"comment_status":"closed","ping_status":"open","sticky":false,"template":"","format":"standard","meta":[],"categories":[1],"tags":[],"_links":{"self":[{"href":"http:\/\/sportprobrno.cz\/cpxco\/wp-json\/wp\/v2\/posts\/405"}],"collection":[{"href":"http:\/\/sportprobrno.cz\/cpxco\/wp-json\/wp\/v2\/posts"}],"about":[{"href":"http:\/\/sportprobrno.cz\/cpxco\/wp-json\/wp\/v2\/types\/post"}],"author":[{"embeddable":true,"href":"http:\/\/sportprobrno.cz\/cpxco\/wp-json\/wp\/v2\/users\/2"}],"replies":[{"embeddable":true,"href":"http:\/\/sportprobrno.cz\/cpxco\/wp-json\/wp\/v2\/comments?post=405"}],"version-history":[{"count":1,"href":"http:\/\/sportprobrno.cz\/cpxco\/wp-json\/wp\/v2\/posts\/405\/revisions"}],"predecessor-version":[{"id":406,"href":"http:\/\/sportprobrno.cz\/cpxco\/wp-json\/wp\/v2\/posts\/405\/revisions\/406"}],"wp:attachment":[{"href":"http:\/\/sportprobrno.cz\/cpxco\/wp-json\/wp\/v2\/media?parent=405"}],"wp:term":[{"taxonomy":"category","embeddable":true,"href":"http:\/\/sportprobrno.cz\/cpxco\/wp-json\/wp\/v2\/categories?post=405"},{"taxonomy":"post_tag","embeddable":true,"href":"http:\/\/sportprobrno.cz\/cpxco\/wp-json\/wp\/v2\/tags?post=405"}],"curies":[{"name":"wp","href":"https:\/\/api.w.org\/{rel}","templated":true}]}}