{"id":94,"date":"2016-06-06T20:27:08","date_gmt":"2016-06-06T19:27:08","guid":{"rendered":"http:\/\/sportprobrno.cz\/bikearena\/2016\/06\/06\/projizdka-trati-video\/"},"modified":"2016-06-06T20:58:44","modified_gmt":"2016-06-06T19:58:44","slug":"projizdka-trati-video","status":"publish","type":"post","link":"http:\/\/sportprobrno.cz\/bikearena\/2016\/06\/06\/projizdka-trati-video\/","title":{"rendered":"Proj\u00ed\u017e\u010fka trati- video"},"content":{"rendered":"<p>Tro\u0161ku jsme tr\u00e9novali na trati po jej\u00ed rekonstrukci. M\u016f\u017eete si prohl\u00e9dnout jak cel\u00fd pr\u016fjezd, tak jednotliv\u00e9 sekce. <a href=\"https:\/\/www.youtube.com\/watch?v=4RWs8S6EZxQ\" target=\"_blank\">VIDEO<\/a><\/p>\n","protected":false},"excerpt":{"rendered":"<p>Tro\u0161ku jsme tr\u00e9novali na trati po jej\u00ed rekonstrukci. M\u016f\u017eete si prohl\u00e9dnout jak cel\u00fd pr\u016fjezd, tak jednotliv\u00e9 sekce. VIDEO<\/p>\n","protected":false},"author":2,"featured_media":0,"comment_status":"closed","ping_status":"open","sticky":false,"template":"","format":"standard","meta":[],"categories":[1],"tags":[],"_links":{"self":[{"href":"http:\/\/sportprobrno.cz\/bikearena\/wp-json\/wp\/v2\/posts\/94"}],"collection":[{"href":"http:\/\/sportprobrno.cz\/bikearena\/wp-json\/wp\/v2\/posts"}],"about":[{"href":"http:\/\/sportprobrno.cz\/bikearena\/wp-json\/wp\/v2\/types\/post"}],"author":[{"embeddable":true,"href":"http:\/\/sportprobrno.cz\/bikearena\/wp-json\/wp\/v2\/users\/2"}],"replies":[{"embeddable":true,"href":"http:\/\/sportprobrno.cz\/bikearena\/wp-json\/wp\/v2\/comments?post=94"}],"version-history":[{"count":1,"href":"http:\/\/sportprobrno.cz\/bikearena\/wp-json\/wp\/v2\/posts\/94\/revisions"}],"predecessor-version":[{"id":95,"href":"http:\/\/sportprobrno.cz\/bikearena\/wp-json\/wp\/v2\/posts\/94\/revisions\/95"}],"wp:attachment":[{"href":"http:\/\/sportprobrno.cz\/bikearena\/wp-json\/wp\/v2\/media?parent=94"}],"wp:term":[{"taxonomy":"category","embeddable":true,"href":"http:\/\/sportprobrno.cz\/bikearena\/wp-json\/wp\/v2\/categories?post=94"},{"taxonomy":"post_tag","embeddable":true,"href":"http:\/\/sportprobrno.cz\/bikearena\/wp-json\/wp\/v2\/tags?post=94"}],"curies":[{"name":"wp","href":"https:\/\/api.w.org\/{rel}","templated":true}]}}