{"id":37,"date":"2015-06-11T12:25:30","date_gmt":"2015-06-11T11:25:30","guid":{"rendered":"http:\/\/sportprobrno.cz\/bikearena\/?p=37"},"modified":"2015-06-29T22:00:31","modified_gmt":"2015-06-29T21:00:31","slug":"ahoj-v-bikearene-anthropos","status":"publish","type":"post","link":"http:\/\/sportprobrno.cz\/bikearena\/2015\/06\/11\/ahoj-v-bikearene-anthropos\/","title":{"rendered":"Ahoj v Bikear\u00e9n\u011b &#8211; Anthropos"},"content":{"rendered":"<p>P\u0159ed p\u00e1r lety vznikl n\u00e1pad vytvo\u0159it snadno dostupn\u00e9 trat\u011b pro horsk\u00e1 kola, kter\u00e9 budou slou\u017eit ke sportovn\u00edmu vy\u017eit\u00ed, tr\u00e9ninku a po\u0159\u00e1d\u00e1n\u00ed z\u00e1vod\u016f XC. Prvn\u00ed z\u00e1vody se zde jely v roce 2014 a letos se dokon\u010duje tra\u0165, kter\u00e1 projde gener\u00e1lkou p\u0159i uspo\u0159\u00e1d\u00e1n\u00ed z\u00e1vodu \u010cP XCO v term\u00ednu 11.7.2015. Zb\u00fdv\u00e1 toho dokon\u010dit je\u0161t\u011b hodn\u011b, ale v\u011b\u0159\u00edm, \u017ee se v\u0161echno poda\u0159\u00ed. Proto velik\u00e9 d\u00edky v\u0161em partner\u016fm, kte\u0159\u00ed n\u00e1m vych\u00e1z\u00ed vst\u0159\u00edc a pom\u00e1haj\u00ed sv\u00fdmi prost\u0159edky dokon\u010dit alespo\u0148 prvn\u00ed etapu. Na tomto z\u00e1klad\u011b budeme d\u00e1le pokra\u010dovat v dokon\u010den\u00ed cel\u00e9 my\u0161lenky. Na tomto webu p\u0159in\u00e1\u0161et dal\u0161\u00ed informace o novink\u00e1ch. LV<\/p>\n","protected":false},"excerpt":{"rendered":"<p>P\u0159ed p\u00e1r lety vznikl n\u00e1pad vytvo\u0159it snadno dostupn\u00e9 trat\u011b pro horsk\u00e1 kola, kter\u00e9 budou slou\u017eit ke sportovn\u00edmu vy\u017eit\u00ed, tr\u00e9ninku a po\u0159\u00e1d\u00e1n\u00ed z\u00e1vod\u016f XC. Prvn\u00ed z\u00e1vody se zde jely v roce 2014 a letos se dokon\u010duje tra\u0165, kter\u00e1 projde gener\u00e1lkou p\u0159i uspo\u0159\u00e1d\u00e1n\u00ed z\u00e1vodu \u010cP XCO v term\u00ednu 11.7.2015. Zb\u00fdv\u00e1 toho dokon\u010dit je\u0161t\u011b hodn\u011b, ale v\u011b\u0159\u00edm, \u017ee<\/p>\n<p><a href=\"http:\/\/sportprobrno.cz\/bikearena\/2015\/06\/11\/ahoj-v-bikearene-anthropos\/\" class=\"more-link themebutton\">Read More<\/a><\/p>\n","protected":false},"author":2,"featured_media":0,"comment_status":"closed","ping_status":"open","sticky":false,"template":"","format":"standard","meta":[],"categories":[1],"tags":[],"_links":{"self":[{"href":"http:\/\/sportprobrno.cz\/bikearena\/wp-json\/wp\/v2\/posts\/37"}],"collection":[{"href":"http:\/\/sportprobrno.cz\/bikearena\/wp-json\/wp\/v2\/posts"}],"about":[{"href":"http:\/\/sportprobrno.cz\/bikearena\/wp-json\/wp\/v2\/types\/post"}],"author":[{"embeddable":true,"href":"http:\/\/sportprobrno.cz\/bikearena\/wp-json\/wp\/v2\/users\/2"}],"replies":[{"embeddable":true,"href":"http:\/\/sportprobrno.cz\/bikearena\/wp-json\/wp\/v2\/comments?post=37"}],"version-history":[{"count":2,"href":"http:\/\/sportprobrno.cz\/bikearena\/wp-json\/wp\/v2\/posts\/37\/revisions"}],"predecessor-version":[{"id":54,"href":"http:\/\/sportprobrno.cz\/bikearena\/wp-json\/wp\/v2\/posts\/37\/revisions\/54"}],"wp:attachment":[{"href":"http:\/\/sportprobrno.cz\/bikearena\/wp-json\/wp\/v2\/media?parent=37"}],"wp:term":[{"taxonomy":"category","embeddable":true,"href":"http:\/\/sportprobrno.cz\/bikearena\/wp-json\/wp\/v2\/categories?post=37"},{"taxonomy":"post_tag","embeddable":true,"href":"http:\/\/sportprobrno.cz\/bikearena\/wp-json\/wp\/v2\/tags?post=37"}],"curies":[{"name":"wp","href":"https:\/\/api.w.org\/{rel}","templated":true}]}}